{"id":976,"date":"2026-04-23T08:26:49","date_gmt":"2026-04-23T11:26:49","guid":{"rendered":"https:\/\/itacaruare.uno\/index.php\/2026\/04\/23\/san-javier-el-imac-impulsa-la-recuperacion-productiva-del-ex-ingenio-azucarero\/"},"modified":"2026-04-23T08:26:49","modified_gmt":"2026-04-23T11:26:49","slug":"san-javier-el-imac-impulsa-la-recuperacion-productiva-del-ex-ingenio-azucarero","status":"publish","type":"post","link":"https:\/\/itacaruare.uno\/index.php\/2026\/04\/23\/san-javier-el-imac-impulsa-la-recuperacion-productiva-del-ex-ingenio-azucarero\/","title":{"rendered":"San Javier: el IMaC impulsa la recuperaci\u00f3n productiva del ex ingenio azucarero"},"content":{"rendered":"<div>\n<div>\n<p><strong>AGENCIA MISIONES.UNO |<\/strong> <strong>El Instituto de Macroeconom\u00eda Circular (IMaC), junto a Agro Misiones, avanza en la reactivaci\u00f3n del predio del ex ingenio azucarero de San Javier, con una propuesta basada en la producci\u00f3n sustentable y el trabajo articulado.<\/strong><\/p>\n<p>En el marco de este proceso, se llev\u00f3 adelante una jornada de trabajo con la participaci\u00f3n de la ingeniera agr\u00f3noma Sandra Quintana, quien lidera el desarrollo en el predio. La actividad cont\u00f3 adem\u00e1s con un equipo t\u00e9cnico integrado por Luciana Imbrogno, subsecretaria de Desarrollo y Producci\u00f3n Vegetal; Paula S\u00e1nchez, directora de Fruticultura; y F\u00e1tima Graboviesky, referente local.<\/p>\n<p>El proyecto busca consolidar el espacio como un polo de innovaci\u00f3n, fortalecimiento de la industria local y planificaci\u00f3n estrat\u00e9gica, aprovechando las condiciones clim\u00e1ticas favorables de San Javier, especialmente la ausencia de heladas, que permite potenciar la producci\u00f3n de frutas misioneras.<\/p>\n<p>Desde el IMaC destacaron que la transformaci\u00f3n del predio no solo tiene impacto econ\u00f3mico, sino tambi\u00e9n social, al contribuir a mejorar la calidad de vida de la comunidad. En ese sentido, se\u00f1alaron que, a partir del cambio en la actividad productiva, se registr\u00f3 una disminuci\u00f3n significativa en enfermedades respiratorias en la zona.<\/p>\n<p>Asimismo, se encuentra en evaluaci\u00f3n un nuevo proyecto para la producci\u00f3n de az\u00facar mascabo a partir del uso de bagazo, con el objetivo de agregar valor a la producci\u00f3n local. La iniciativa apunta a fortalecer el trabajo conjunto entre t\u00e9cnicos, municipios y productores para impulsar el desarrollo sostenido de la regi\u00f3n.<\/p>\n<p> <img decoding=\"async\" class=\"aligncenter size-full wp-image-9234\" src=\"https:\/\/itacaruare.uno\/wp-content\/uploads\/2026\/04\/SANJAVIER3.jpg\" sizes=\"(max-width: 640px) 100vw, 640px\" srcset=\"https:\/\/agenciamisiones.uno\/wp-content\/uploads\/2026\/04\/SANJAVIER3-200x267.jpg 200w, https:\/\/agenciamisiones.uno\/wp-content\/uploads\/2026\/04\/SANJAVIER3-225x300.jpg 225w, https:\/\/agenciamisiones.uno\/wp-content\/uploads\/2026\/04\/SANJAVIER3-400x533.jpg 400w, https:\/\/agenciamisiones.uno\/wp-content\/uploads\/2026\/04\/SANJAVIER3-600x800.jpg 600w, https:\/\/itacaruare.uno\/wp-content\/uploads\/2026\/04\/SANJAVIER3.jpg 640w\" alt=\"\" width=\"640\" height=\"853\"> <img decoding=\"async\" class=\"aligncenter size-full wp-image-9235\" src=\"https:\/\/itacaruare.uno\/wp-content\/uploads\/2026\/04\/SANJAVIER2.jpg\" sizes=\"(max-width: 640px) 100vw, 640px\" srcset=\"https:\/\/agenciamisiones.uno\/wp-content\/uploads\/2026\/04\/SANJAVIER2-200x267.jpg 200w, https:\/\/agenciamisiones.uno\/wp-content\/uploads\/2026\/04\/SANJAVIER2-225x300.jpg 225w, https:\/\/agenciamisiones.uno\/wp-content\/uploads\/2026\/04\/SANJAVIER2-400x533.jpg 400w, https:\/\/agenciamisiones.uno\/wp-content\/uploads\/2026\/04\/SANJAVIER2-600x800.jpg 600w, https:\/\/itacaruare.uno\/wp-content\/uploads\/2026\/04\/SANJAVIER2.jpg 640w\" alt=\"\" width=\"640\" height=\"853\"> <img decoding=\"async\" class=\"aligncenter size-full wp-image-9236\" src=\"https:\/\/itacaruare.uno\/wp-content\/uploads\/2026\/04\/SANJAVIER1.jpg\" sizes=\"(max-width: 640px) 100vw, 640px\" srcset=\"https:\/\/agenciamisiones.uno\/wp-content\/uploads\/2026\/04\/SANJAVIER1-200x267.jpg 200w, https:\/\/agenciamisiones.uno\/wp-content\/uploads\/2026\/04\/SANJAVIER1-225x300.jpg 225w, https:\/\/agenciamisiones.uno\/wp-content\/uploads\/2026\/04\/SANJAVIER1-400x533.jpg 400w, https:\/\/agenciamisiones.uno\/wp-content\/uploads\/2026\/04\/SANJAVIER1-600x800.jpg 600w, https:\/\/itacaruare.uno\/wp-content\/uploads\/2026\/04\/SANJAVIER1.jpg 640w\" alt=\"\" width=\"640\" height=\"853\"><\/p>\n<p>Fuente: <a href=\"https:\/\/agenciamisiones.uno\/\">Agencia Misiones.uno<\/a>.<\/p>\n<\/div>\n<\/div>\n","protected":false},"excerpt":{"rendered":"<p>AGENCIA MISIONES.UNO | El Instituto de Macroeconom\u00eda Circular (IMaC), junto  [&#8230;]<\/p>\n","protected":false},"author":1,"featured_media":977,"comment_status":"closed","ping_status":"closed","sticky":false,"template":"","format":"standard","meta":{"fifu_image_url":"","fifu_image_alt":"","footnotes":""},"categories":[139,69,73,124,98],"tags":[],"class_list":["post-976","post","type-post","status-publish","format-standard","has-post-thumbnail","hentry","category-agro","category-gobierno-de-misiones","category-misionesagro-uno","category-red-san-javier","category-san-javier"],"acf":[],"yoast_head":"<!-- This site is optimized with the Yoast SEO plugin v26.8 - https:\/\/yoast.com\/product\/yoast-seo-wordpress\/ -->\n<title>San Javier: el IMaC impulsa la recuperaci\u00f3n productiva del ex ingenio azucarero - Itacaruar\u00e9 .UNO - Red Misiones.uno<\/title>\n<meta name=\"robots\" content=\"index, follow, max-snippet:-1, max-image-preview:large, max-video-preview:-1\" \/>\n<link rel=\"canonical\" href=\"https:\/\/itacaruare.uno\/index.php\/2026\/04\/23\/san-javier-el-imac-impulsa-la-recuperacion-productiva-del-ex-ingenio-azucarero\/\" \/>\n<meta property=\"og:locale\" content=\"es_ES\" \/>\n<meta property=\"og:type\" content=\"article\" \/>\n<meta property=\"og:title\" content=\"San Javier: el IMaC impulsa la recuperaci\u00f3n productiva del ex ingenio azucarero - Itacaruar\u00e9 .UNO - Red Misiones.uno\" \/>\n<meta property=\"og:description\" content=\"AGENCIA MISIONES.UNO | El Instituto de Macroeconom\u00eda Circular (IMaC), junto [...]\" \/>\n<meta property=\"og:url\" content=\"https:\/\/itacaruare.uno\/index.php\/2026\/04\/23\/san-javier-el-imac-impulsa-la-recuperacion-productiva-del-ex-ingenio-azucarero\/\" \/>\n<meta property=\"og:site_name\" content=\"Itacaruar\u00e9 .UNO - Red Misiones.uno\" \/>\n<meta property=\"article:published_time\" content=\"2026-04-23T11:26:49+00:00\" \/>\n<meta name=\"author\" content=\"admin\" \/>\n<meta name=\"twitter:card\" content=\"summary_large_image\" \/>\n<meta name=\"twitter:label1\" content=\"Escrito por\" \/>\n\t<meta name=\"twitter:data1\" content=\"admin\" \/>\n\t<meta name=\"twitter:label2\" content=\"Tiempo de lectura\" \/>\n\t<meta name=\"twitter:data2\" content=\"1 minuto\" \/>\n<script type=\"application\/ld+json\" class=\"yoast-schema-graph\">{\"@context\":\"https:\/\/schema.org\",\"@graph\":[{\"@type\":\"Article\",\"@id\":\"https:\/\/itacaruare.uno\/index.php\/2026\/04\/23\/san-javier-el-imac-impulsa-la-recuperacion-productiva-del-ex-ingenio-azucarero\/#article\",\"isPartOf\":{\"@id\":\"https:\/\/itacaruare.uno\/index.php\/2026\/04\/23\/san-javier-el-imac-impulsa-la-recuperacion-productiva-del-ex-ingenio-azucarero\/\"},\"author\":{\"name\":\"admin\",\"@id\":\"https:\/\/itacaruare.uno\/#\/schema\/person\/a64a7b83436024dcf2b93666a84cbe5b\"},\"headline\":\"San Javier: el IMaC impulsa la recuperaci\u00f3n productiva del ex ingenio azucarero\",\"datePublished\":\"2026-04-23T11:26:49+00:00\",\"mainEntityOfPage\":{\"@id\":\"https:\/\/itacaruare.uno\/index.php\/2026\/04\/23\/san-javier-el-imac-impulsa-la-recuperacion-productiva-del-ex-ingenio-azucarero\/\"},\"wordCount\":281,\"image\":{\"@id\":\"https:\/\/itacaruare.uno\/index.php\/2026\/04\/23\/san-javier-el-imac-impulsa-la-recuperacion-productiva-del-ex-ingenio-azucarero\/#primaryimage\"},\"thumbnailUrl\":\"https:\/\/itacaruare.uno\/wp-content\/uploads\/2026\/04\/sanjavier4.jpg\",\"articleSection\":[\"Agro\",\"Gobierno de Misiones\",\"MISIONESAGRO.UNO\",\"Red San Javier\",\"San Javier\"],\"inLanguage\":\"es-AR\"},{\"@type\":\"WebPage\",\"@id\":\"https:\/\/itacaruare.uno\/index.php\/2026\/04\/23\/san-javier-el-imac-impulsa-la-recuperacion-productiva-del-ex-ingenio-azucarero\/\",\"url\":\"https:\/\/itacaruare.uno\/index.php\/2026\/04\/23\/san-javier-el-imac-impulsa-la-recuperacion-productiva-del-ex-ingenio-azucarero\/\",\"name\":\"San Javier: el IMaC impulsa la recuperaci\u00f3n productiva del ex ingenio azucarero - Itacaruar\u00e9 .UNO - Red Misiones.uno\",\"isPartOf\":{\"@id\":\"https:\/\/itacaruare.uno\/#website\"},\"primaryImageOfPage\":{\"@id\":\"https:\/\/itacaruare.uno\/index.php\/2026\/04\/23\/san-javier-el-imac-impulsa-la-recuperacion-productiva-del-ex-ingenio-azucarero\/#primaryimage\"},\"image\":{\"@id\":\"https:\/\/itacaruare.uno\/index.php\/2026\/04\/23\/san-javier-el-imac-impulsa-la-recuperacion-productiva-del-ex-ingenio-azucarero\/#primaryimage\"},\"thumbnailUrl\":\"https:\/\/itacaruare.uno\/wp-content\/uploads\/2026\/04\/sanjavier4.jpg\",\"datePublished\":\"2026-04-23T11:26:49+00:00\",\"author\":{\"@id\":\"https:\/\/itacaruare.uno\/#\/schema\/person\/a64a7b83436024dcf2b93666a84cbe5b\"},\"breadcrumb\":{\"@id\":\"https:\/\/itacaruare.uno\/index.php\/2026\/04\/23\/san-javier-el-imac-impulsa-la-recuperacion-productiva-del-ex-ingenio-azucarero\/#breadcrumb\"},\"inLanguage\":\"es-AR\",\"potentialAction\":[{\"@type\":\"ReadAction\",\"target\":[\"https:\/\/itacaruare.uno\/index.php\/2026\/04\/23\/san-javier-el-imac-impulsa-la-recuperacion-productiva-del-ex-ingenio-azucarero\/\"]}]},{\"@type\":\"ImageObject\",\"inLanguage\":\"es-AR\",\"@id\":\"https:\/\/itacaruare.uno\/index.php\/2026\/04\/23\/san-javier-el-imac-impulsa-la-recuperacion-productiva-del-ex-ingenio-azucarero\/#primaryimage\",\"url\":\"https:\/\/itacaruare.uno\/wp-content\/uploads\/2026\/04\/sanjavier4.jpg\",\"contentUrl\":\"https:\/\/itacaruare.uno\/wp-content\/uploads\/2026\/04\/sanjavier4.jpg\",\"width\":640,\"height\":853},{\"@type\":\"BreadcrumbList\",\"@id\":\"https:\/\/itacaruare.uno\/index.php\/2026\/04\/23\/san-javier-el-imac-impulsa-la-recuperacion-productiva-del-ex-ingenio-azucarero\/#breadcrumb\",\"itemListElement\":[{\"@type\":\"ListItem\",\"position\":1,\"name\":\"Inicio\",\"item\":\"https:\/\/itacaruare.uno\/\"},{\"@type\":\"ListItem\",\"position\":2,\"name\":\"San Javier: el IMaC impulsa la recuperaci\u00f3n productiva del ex ingenio azucarero\"}]},{\"@type\":\"WebSite\",\"@id\":\"https:\/\/itacaruare.uno\/#website\",\"url\":\"https:\/\/itacaruare.uno\/\",\"name\":\"Itacaruar\u00e9 .UNO - Red Misiones.uno\",\"description\":\"Noticias de Itacaruar\u00e9\",\"potentialAction\":[{\"@type\":\"SearchAction\",\"target\":{\"@type\":\"EntryPoint\",\"urlTemplate\":\"https:\/\/itacaruare.uno\/?s={search_term_string}\"},\"query-input\":{\"@type\":\"PropertyValueSpecification\",\"valueRequired\":true,\"valueName\":\"search_term_string\"}}],\"inLanguage\":\"es-AR\"},{\"@type\":\"Person\",\"@id\":\"https:\/\/itacaruare.uno\/#\/schema\/person\/a64a7b83436024dcf2b93666a84cbe5b\",\"name\":\"admin\",\"image\":{\"@type\":\"ImageObject\",\"inLanguage\":\"es-AR\",\"@id\":\"https:\/\/itacaruare.uno\/#\/schema\/person\/image\/\",\"url\":\"https:\/\/secure.gravatar.com\/avatar\/988cc68d97727f2265e15e4e04f35d45d93f5493d81192c37b6fcdf6407dba8c?s=96&d=mm&r=g\",\"contentUrl\":\"https:\/\/secure.gravatar.com\/avatar\/988cc68d97727f2265e15e4e04f35d45d93f5493d81192c37b6fcdf6407dba8c?s=96&d=mm&r=g\",\"caption\":\"admin\"},\"sameAs\":[\"http:\/\/itacaruare.uno\"],\"url\":\"https:\/\/itacaruare.uno\/index.php\/author\/admin\/\"}]}<\/script>\n<!-- \/ Yoast SEO plugin. -->","yoast_head_json":{"title":"San Javier: el IMaC impulsa la recuperaci\u00f3n productiva del ex ingenio azucarero - Itacaruar\u00e9 .UNO - Red Misiones.uno","robots":{"index":"index","follow":"follow","max-snippet":"max-snippet:-1","max-image-preview":"max-image-preview:large","max-video-preview":"max-video-preview:-1"},"canonical":"https:\/\/itacaruare.uno\/index.php\/2026\/04\/23\/san-javier-el-imac-impulsa-la-recuperacion-productiva-del-ex-ingenio-azucarero\/","og_locale":"es_ES","og_type":"article","og_title":"San Javier: el IMaC impulsa la recuperaci\u00f3n productiva del ex ingenio azucarero - Itacaruar\u00e9 .UNO - Red Misiones.uno","og_description":"AGENCIA MISIONES.UNO | El Instituto de Macroeconom\u00eda Circular (IMaC), junto [...]","og_url":"https:\/\/itacaruare.uno\/index.php\/2026\/04\/23\/san-javier-el-imac-impulsa-la-recuperacion-productiva-del-ex-ingenio-azucarero\/","og_site_name":"Itacaruar\u00e9 .UNO - Red Misiones.uno","article_published_time":"2026-04-23T11:26:49+00:00","author":"admin","twitter_card":"summary_large_image","twitter_misc":{"Escrito por":"admin","Tiempo de lectura":"1 minuto"},"schema":{"@context":"https:\/\/schema.org","@graph":[{"@type":"Article","@id":"https:\/\/itacaruare.uno\/index.php\/2026\/04\/23\/san-javier-el-imac-impulsa-la-recuperacion-productiva-del-ex-ingenio-azucarero\/#article","isPartOf":{"@id":"https:\/\/itacaruare.uno\/index.php\/2026\/04\/23\/san-javier-el-imac-impulsa-la-recuperacion-productiva-del-ex-ingenio-azucarero\/"},"author":{"name":"admin","@id":"https:\/\/itacaruare.uno\/#\/schema\/person\/a64a7b83436024dcf2b93666a84cbe5b"},"headline":"San Javier: el IMaC impulsa la recuperaci\u00f3n productiva del ex ingenio azucarero","datePublished":"2026-04-23T11:26:49+00:00","mainEntityOfPage":{"@id":"https:\/\/itacaruare.uno\/index.php\/2026\/04\/23\/san-javier-el-imac-impulsa-la-recuperacion-productiva-del-ex-ingenio-azucarero\/"},"wordCount":281,"image":{"@id":"https:\/\/itacaruare.uno\/index.php\/2026\/04\/23\/san-javier-el-imac-impulsa-la-recuperacion-productiva-del-ex-ingenio-azucarero\/#primaryimage"},"thumbnailUrl":"https:\/\/itacaruare.uno\/wp-content\/uploads\/2026\/04\/sanjavier4.jpg","articleSection":["Agro","Gobierno de Misiones","MISIONESAGRO.UNO","Red San Javier","San Javier"],"inLanguage":"es-AR"},{"@type":"WebPage","@id":"https:\/\/itacaruare.uno\/index.php\/2026\/04\/23\/san-javier-el-imac-impulsa-la-recuperacion-productiva-del-ex-ingenio-azucarero\/","url":"https:\/\/itacaruare.uno\/index.php\/2026\/04\/23\/san-javier-el-imac-impulsa-la-recuperacion-productiva-del-ex-ingenio-azucarero\/","name":"San Javier: el IMaC impulsa la recuperaci\u00f3n productiva del ex ingenio azucarero - Itacaruar\u00e9 .UNO - Red Misiones.uno","isPartOf":{"@id":"https:\/\/itacaruare.uno\/#website"},"primaryImageOfPage":{"@id":"https:\/\/itacaruare.uno\/index.php\/2026\/04\/23\/san-javier-el-imac-impulsa-la-recuperacion-productiva-del-ex-ingenio-azucarero\/#primaryimage"},"image":{"@id":"https:\/\/itacaruare.uno\/index.php\/2026\/04\/23\/san-javier-el-imac-impulsa-la-recuperacion-productiva-del-ex-ingenio-azucarero\/#primaryimage"},"thumbnailUrl":"https:\/\/itacaruare.uno\/wp-content\/uploads\/2026\/04\/sanjavier4.jpg","datePublished":"2026-04-23T11:26:49+00:00","author":{"@id":"https:\/\/itacaruare.uno\/#\/schema\/person\/a64a7b83436024dcf2b93666a84cbe5b"},"breadcrumb":{"@id":"https:\/\/itacaruare.uno\/index.php\/2026\/04\/23\/san-javier-el-imac-impulsa-la-recuperacion-productiva-del-ex-ingenio-azucarero\/#breadcrumb"},"inLanguage":"es-AR","potentialAction":[{"@type":"ReadAction","target":["https:\/\/itacaruare.uno\/index.php\/2026\/04\/23\/san-javier-el-imac-impulsa-la-recuperacion-productiva-del-ex-ingenio-azucarero\/"]}]},{"@type":"ImageObject","inLanguage":"es-AR","@id":"https:\/\/itacaruare.uno\/index.php\/2026\/04\/23\/san-javier-el-imac-impulsa-la-recuperacion-productiva-del-ex-ingenio-azucarero\/#primaryimage","url":"https:\/\/itacaruare.uno\/wp-content\/uploads\/2026\/04\/sanjavier4.jpg","contentUrl":"https:\/\/itacaruare.uno\/wp-content\/uploads\/2026\/04\/sanjavier4.jpg","width":640,"height":853},{"@type":"BreadcrumbList","@id":"https:\/\/itacaruare.uno\/index.php\/2026\/04\/23\/san-javier-el-imac-impulsa-la-recuperacion-productiva-del-ex-ingenio-azucarero\/#breadcrumb","itemListElement":[{"@type":"ListItem","position":1,"name":"Inicio","item":"https:\/\/itacaruare.uno\/"},{"@type":"ListItem","position":2,"name":"San Javier: el IMaC impulsa la recuperaci\u00f3n productiva del ex ingenio azucarero"}]},{"@type":"WebSite","@id":"https:\/\/itacaruare.uno\/#website","url":"https:\/\/itacaruare.uno\/","name":"Itacaruar\u00e9 .UNO - Red Misiones.uno","description":"Noticias de Itacaruar\u00e9","potentialAction":[{"@type":"SearchAction","target":{"@type":"EntryPoint","urlTemplate":"https:\/\/itacaruare.uno\/?s={search_term_string}"},"query-input":{"@type":"PropertyValueSpecification","valueRequired":true,"valueName":"search_term_string"}}],"inLanguage":"es-AR"},{"@type":"Person","@id":"https:\/\/itacaruare.uno\/#\/schema\/person\/a64a7b83436024dcf2b93666a84cbe5b","name":"admin","image":{"@type":"ImageObject","inLanguage":"es-AR","@id":"https:\/\/itacaruare.uno\/#\/schema\/person\/image\/","url":"https:\/\/secure.gravatar.com\/avatar\/988cc68d97727f2265e15e4e04f35d45d93f5493d81192c37b6fcdf6407dba8c?s=96&d=mm&r=g","contentUrl":"https:\/\/secure.gravatar.com\/avatar\/988cc68d97727f2265e15e4e04f35d45d93f5493d81192c37b6fcdf6407dba8c?s=96&d=mm&r=g","caption":"admin"},"sameAs":["http:\/\/itacaruare.uno"],"url":"https:\/\/itacaruare.uno\/index.php\/author\/admin\/"}]}},"_links":{"self":[{"href":"https:\/\/itacaruare.uno\/index.php\/wp-json\/wp\/v2\/posts\/976","targetHints":{"allow":["GET"]}}],"collection":[{"href":"https:\/\/itacaruare.uno\/index.php\/wp-json\/wp\/v2\/posts"}],"about":[{"href":"https:\/\/itacaruare.uno\/index.php\/wp-json\/wp\/v2\/types\/post"}],"author":[{"embeddable":true,"href":"https:\/\/itacaruare.uno\/index.php\/wp-json\/wp\/v2\/users\/1"}],"replies":[{"embeddable":true,"href":"https:\/\/itacaruare.uno\/index.php\/wp-json\/wp\/v2\/comments?post=976"}],"version-history":[{"count":0,"href":"https:\/\/itacaruare.uno\/index.php\/wp-json\/wp\/v2\/posts\/976\/revisions"}],"wp:featuredmedia":[{"embeddable":true,"href":"https:\/\/itacaruare.uno\/index.php\/wp-json\/wp\/v2\/media\/977"}],"wp:attachment":[{"href":"https:\/\/itacaruare.uno\/index.php\/wp-json\/wp\/v2\/media?parent=976"}],"wp:term":[{"taxonomy":"category","embeddable":true,"href":"https:\/\/itacaruare.uno\/index.php\/wp-json\/wp\/v2\/categories?post=976"},{"taxonomy":"post_tag","embeddable":true,"href":"https:\/\/itacaruare.uno\/index.php\/wp-json\/wp\/v2\/tags?post=976"}],"curies":[{"name":"wp","href":"https:\/\/api.w.org\/{rel}","templated":true}]}}